{"id":8044,"date":"2023-03-16T10:20:09","date_gmt":"2023-03-16T09:20:09","guid":{"rendered":"https:\/\/www.psicologashanatuccinardi.it\/?p=8044"},"modified":"2023-03-16T10:20:09","modified_gmt":"2023-03-16T09:20:09","slug":"disturbi-alimentari","status":"publish","type":"post","link":"https:\/\/www.psicologashanatuccinardi.it\/index.php\/2023\/03\/16\/disturbi-alimentari\/","title":{"rendered":"DISTURBI ALIMENTARI"},"content":{"rendered":"<h1 style=\"text-align: center;\">IO <del datetime=\"2023-03-16T09:04:02+00:00\">NON<\/del> SAR\u00f2 <del datetime=\"2023-03-16T09:04:02+00:00\">MAI<\/del> IN GRADO DI AMARE IL MIO CORPO<\/h1>\n<p>Pi\u00f9 di 3 milioni di italiani soffrono di un disturbo alimentare e la maggior parte di loro non presenta alcuna caratteristica stereotipata, in quanto tale malattia \u00e8 qualcosa di pi\u00f9 profondo che parte dalla mente e va oltre la ricerca della \u201cmagrezza\u201d, e sul piano epidemiologico tali disturbi colpiscono tutti allo stesso modo, ragazze e ragazzi\u00a0 ma con una prevalenza per il sesso femminile.<\/p>\n<p>Gran parte dei DCA \u00e8 legata a una difficolt\u00e0 nella gestione delle emozioni e ci\u00f2 \u00e8 stato riscontrato principalmente nell\u2019et\u00e0 adolescenziale.<\/p>\n<p>La regolazione delle emozioni \u00e8 l\u2019abilit\u00e0 di regolare l\u2019intensit\u00e0, la durata e la tipologia delle stesse applicando strategie cognitive o comportamentali, che possono essere categorizzate come adattive (per esempio, rivalutazione di una situazione, problem solving, perdono e accettazione) o disadattive (per esempio, ruminazione, ritiro, comportamento aggressivo e autosvalutazione personale). Le strategie disadattive sono strettamente correlate con il funzionamento di molti disturbi mentali, infatti la maggior parte dei comportamenti messi in atto in tali patologie sono regolatori delle emozioni che risultano difficili da tenere sotto controllo e non solo, \u00e8 stato riscontrato un tasso di comorbilit\u00e0 fra disturbi alimentari e dell\u2019umore, in particolare con ansia e depressione.<\/p>\n<p>Il soggetto affetto da DCA presenza un senso del s\u00e9 deficitario, incapace di affidarsi ai propri pensieri, sentimenti e sensazioni corporee, difficolt\u00e0 di mentalizzare esperienze emotive proprie ed altrui, ovvero\u00a0 nella normale capacit\u00e0 di attribuire intenzioni e significati al comportamento umano e di riflettere sulla propria mente e su quella degli altri. Invece di agire in modo impulsivo, trainati da forti emozioni, possiamo utilizzare la mente per valutare la situazione e per agire modalit\u00e0 di comportamento pi\u00f9 adattive e costruttive. Un\u2019adeguata capacit\u00e0 di mentalizzare \u00e8 dunque alla base della flessibilit\u00e0 mentale, dell\u2019autoregolazione e della costruzione di relazioni significative.<\/p>\n<p>Un fattore molto importante per questi pazienti \u00e8 il contesto sociale e il sostegno delle persone che li circondano, coloro che gli sono accanto devono evitare la maggior parte dei commenti sull\u2019aspetto fisico, sulle modalit\u00e0 di stare a tavola, su ci\u00f2 che mangia e non mangia, questo perch\u00e9, chi soffre di DCA associa la propria autostima alla capacit\u00e0 di controllare il proprio peso e il proprio corpo, e i commenti vanno a rafforzare il disturbo; bisogna invece rendere il momento dei pasti piacevole senza dare importanza al piatto che si ha davanti. La cura di tali disturbi \u00e8 possibile, necessita di una forte alleanza terapeutica, ma ancora oggi non \u00e8 cos\u00ec salda in\u00a0 quanto il tasso di abbandono delle terapie \u00e8 ancora molto elevato.<\/p>\n<p><img loading=\"lazy\" decoding=\"async\" class=\"aligncenter\" src=\"https:\/\/www.psicologashanatuccinardi.it\/wp-content\/uploads\/2023\/03\/download.jpg\" alt=\"\" width=\"697\" height=\"276\" \/><\/p>\n<p>&nbsp;<\/p>\n<p>&nbsp;<\/p>\n<p>&nbsp;<\/p>\n<p>&nbsp;<\/p>\n<p>&nbsp;<\/p>\n<p><strong>\u00a0\u00a0\u00a0\u00a0\u00a0\u00a0\u00a0\u00a0\u00a0\u00a0 \u00a0\u00a0\u00a0\u00a0\u00a0\u00a0\u00a0\u00a0\u00a0\u00a0\u00a0\u00a0\u00a0\u00a0\u00a0\u00a0\u00a0\u00a0\u00a0\u00a0\u00a0\u00a0\u00a0\u00a0\u00a0\u00a0\u00a0\u00a0\u00a0\u00a0\u00a0\u00a0\u00a0\u00a0\u00a0\u00a0\u00a0\u00a0\u00a0\u00a0\u00a0\u00a0\u00a0\u00a0\u00a0\u00a0\u00a0\u00a0\u00a0\u00a0\u00a0\u00a0\u00a0\u00a0\u00a0\u00a0\u00a0\u00a0\u00a0\u00a0\u00a0\u00a0\u00a0\u00a0\u00a0\u00a0\u00a0\u00a0\u00a0\u00a0\u00a0\u00a0\u00a0\u00a0\u00a0\u00a0\u00a0\u00a0\u00a0\u00a0\u00a0\u00a0\u00a0\u00a0\u00a0\u00a0\u00a0\u00a0\u00a0\u00a0\u00a0\u00a0\u00a0\u00a0\u00a0\u00a0\u00a0\u00a0\u00a0\u00a0\u00a0\u00a0\u00a0\u00a0\u00a0\u00a0\u00a0\u00a0\u00a0\u00a0\u00a0\u00a0\u00a0\u00a0\u00a0\u00a0\u00a0\u00a0\u00a0\u00a0\u00a0\u00a0\u00a0\u00a0\u00a0\u00a0\u00a0\u00a0\u00a0\u00a0\u00a0\u00a0\u00a0\u00a0\u00a0\u00a0\u00a0\u00a0\u00a0\u00a0\u00a0\u00a0\u00a0\u00a0\u00a0\u00a0\u00a0\u00a0\u00a0<\/strong><\/p>\n<p><strong>\u00a0<\/strong><\/p>\n","protected":false},"excerpt":{"rendered":"<p>IO NON SAR\u00f2 MAI IN GRADO DI AMARE IL MIO CORPO Pi\u00f9 di 3 milioni di italiani soffrono di un disturbo alimentare e la maggior parte di loro non presenta alcuna caratteristica stereotipata, in quanto tale malattia \u00e8 qualcosa di pi\u00f9 profondo che parte dalla mente e va oltre la ricerca della \u201cmagrezza\u201d, e sul [&hellip;]<\/p>\n","protected":false},"author":1,"featured_media":0,"comment_status":"open","ping_status":"open","sticky":false,"template":"","format":"standard","meta":{"_joinchat":[],"footnotes":""},"categories":[4],"tags":[],"class_list":["post-8044","post","type-post","status-publish","format-standard","hentry","category-psico"],"yoast_head":"<!-- This site is optimized with the Yoast SEO plugin v28.4 - https:\/\/yoast.com\/product\/yoast-seo-wordpress\/ -->\n<title>DISTURBI ALIMENTARI - PsicologaShanaTuccinardi<\/title>\n<meta name=\"robots\" content=\"index, follow, max-snippet:-1, max-image-preview:large, max-video-preview:-1\" \/>\n<link rel=\"canonical\" href=\"https:\/\/www.psicologashanatuccinardi.it\/index.php\/2023\/03\/16\/disturbi-alimentari\/\" \/>\n<meta property=\"og:locale\" content=\"it_IT\" \/>\n<meta property=\"og:type\" content=\"article\" \/>\n<meta property=\"og:title\" content=\"DISTURBI ALIMENTARI - PsicologaShanaTuccinardi\" \/>\n<meta property=\"og:description\" content=\"IO NON SAR\u00f2 MAI IN GRADO DI AMARE IL MIO CORPO Pi\u00f9 di 3 milioni di italiani soffrono di un disturbo alimentare e la maggior parte di loro non presenta alcuna caratteristica stereotipata, in quanto tale malattia \u00e8 qualcosa di pi\u00f9 profondo che parte dalla mente e va oltre la ricerca della \u201cmagrezza\u201d, e sul [&hellip;]\" \/>\n<meta property=\"og:url\" content=\"https:\/\/www.psicologashanatuccinardi.it\/index.php\/2023\/03\/16\/disturbi-alimentari\/\" \/>\n<meta property=\"og:site_name\" content=\"PsicologaShanaTuccinardi\" \/>\n<meta property=\"article:publisher\" content=\"https:\/\/www.facebook.com\/shana.tuccinardi.3\" \/>\n<meta property=\"article:author\" content=\"https:\/\/www.facebook.com\/shana.tuccinardi.3\" \/>\n<meta property=\"article:published_time\" content=\"2023-03-16T09:20:09+00:00\" \/>\n<meta property=\"og:image\" content=\"https:\/\/www.psicologashanatuccinardi.it\/wp-content\/uploads\/2023\/03\/download.jpg\" \/>\n<meta name=\"author\" content=\"Shana Tuccinardi\" \/>\n<meta name=\"twitter:card\" content=\"summary_large_image\" \/>\n<meta name=\"twitter:label1\" content=\"Scritto da\" \/>\n\t<meta name=\"twitter:data1\" content=\"Shana Tuccinardi\" \/>\n\t<meta name=\"twitter:label2\" content=\"Tempo di lettura stimato\" \/>\n\t<meta name=\"twitter:data2\" content=\"3 minuti\" \/>\n<script type=\"application\/ld+json\" class=\"yoast-schema-graph\">{\"@context\":\"https:\\\/\\\/schema.org\",\"@graph\":[{\"@type\":\"Article\",\"@id\":\"https:\\\/\\\/www.psicologashanatuccinardi.it\\\/index.php\\\/2023\\\/03\\\/16\\\/disturbi-alimentari\\\/#article\",\"isPartOf\":{\"@id\":\"https:\\\/\\\/www.psicologashanatuccinardi.it\\\/index.php\\\/2023\\\/03\\\/16\\\/disturbi-alimentari\\\/\"},\"author\":{\"name\":\"Shana Tuccinardi\",\"@id\":\"https:\\\/\\\/www.psicologashanatuccinardi.it\\\/#\\\/schema\\\/person\\\/cf7712cf41c9adf999087716c1884c13\"},\"headline\":\"DISTURBI ALIMENTARI\",\"datePublished\":\"2023-03-16T09:20:09+00:00\",\"mainEntityOfPage\":{\"@id\":\"https:\\\/\\\/www.psicologashanatuccinardi.it\\\/index.php\\\/2023\\\/03\\\/16\\\/disturbi-alimentari\\\/\"},\"wordCount\":427,\"commentCount\":0,\"publisher\":{\"@id\":\"https:\\\/\\\/www.psicologashanatuccinardi.it\\\/#\\\/schema\\\/person\\\/cf7712cf41c9adf999087716c1884c13\"},\"image\":{\"@id\":\"https:\\\/\\\/www.psicologashanatuccinardi.it\\\/index.php\\\/2023\\\/03\\\/16\\\/disturbi-alimentari\\\/#primaryimage\"},\"thumbnailUrl\":\"https:\\\/\\\/www.psicologashanatuccinardi.it\\\/wp-content\\\/uploads\\\/2023\\\/03\\\/download.jpg\",\"articleSection\":[\"Psicologia\"],\"inLanguage\":\"it-IT\",\"potentialAction\":[{\"@type\":\"CommentAction\",\"name\":\"Comment\",\"target\":[\"https:\\\/\\\/www.psicologashanatuccinardi.it\\\/index.php\\\/2023\\\/03\\\/16\\\/disturbi-alimentari\\\/#respond\"]}]},{\"@type\":\"WebPage\",\"@id\":\"https:\\\/\\\/www.psicologashanatuccinardi.it\\\/index.php\\\/2023\\\/03\\\/16\\\/disturbi-alimentari\\\/\",\"url\":\"https:\\\/\\\/www.psicologashanatuccinardi.it\\\/index.php\\\/2023\\\/03\\\/16\\\/disturbi-alimentari\\\/\",\"name\":\"DISTURBI ALIMENTARI - PsicologaShanaTuccinardi\",\"isPartOf\":{\"@id\":\"https:\\\/\\\/www.psicologashanatuccinardi.it\\\/#website\"},\"primaryImageOfPage\":{\"@id\":\"https:\\\/\\\/www.psicologashanatuccinardi.it\\\/index.php\\\/2023\\\/03\\\/16\\\/disturbi-alimentari\\\/#primaryimage\"},\"image\":{\"@id\":\"https:\\\/\\\/www.psicologashanatuccinardi.it\\\/index.php\\\/2023\\\/03\\\/16\\\/disturbi-alimentari\\\/#primaryimage\"},\"thumbnailUrl\":\"https:\\\/\\\/www.psicologashanatuccinardi.it\\\/wp-content\\\/uploads\\\/2023\\\/03\\\/download.jpg\",\"datePublished\":\"2023-03-16T09:20:09+00:00\",\"breadcrumb\":{\"@id\":\"https:\\\/\\\/www.psicologashanatuccinardi.it\\\/index.php\\\/2023\\\/03\\\/16\\\/disturbi-alimentari\\\/#breadcrumb\"},\"inLanguage\":\"it-IT\",\"potentialAction\":[{\"@type\":\"ReadAction\",\"target\":[\"https:\\\/\\\/www.psicologashanatuccinardi.it\\\/index.php\\\/2023\\\/03\\\/16\\\/disturbi-alimentari\\\/\"]}]},{\"@type\":\"ImageObject\",\"inLanguage\":\"it-IT\",\"@id\":\"https:\\\/\\\/www.psicologashanatuccinardi.it\\\/index.php\\\/2023\\\/03\\\/16\\\/disturbi-alimentari\\\/#primaryimage\",\"url\":\"https:\\\/\\\/www.psicologashanatuccinardi.it\\\/wp-content\\\/uploads\\\/2023\\\/03\\\/download.jpg\",\"contentUrl\":\"https:\\\/\\\/www.psicologashanatuccinardi.it\\\/wp-content\\\/uploads\\\/2023\\\/03\\\/download.jpg\",\"width\":356,\"height\":141},{\"@type\":\"BreadcrumbList\",\"@id\":\"https:\\\/\\\/www.psicologashanatuccinardi.it\\\/index.php\\\/2023\\\/03\\\/16\\\/disturbi-alimentari\\\/#breadcrumb\",\"itemListElement\":[{\"@type\":\"ListItem\",\"position\":1,\"name\":\"Home\",\"item\":\"https:\\\/\\\/www.psicologashanatuccinardi.it\\\/\"},{\"@type\":\"ListItem\",\"position\":2,\"name\":\"DISTURBI ALIMENTARI\"}]},{\"@type\":\"WebSite\",\"@id\":\"https:\\\/\\\/www.psicologashanatuccinardi.it\\\/#website\",\"url\":\"https:\\\/\\\/www.psicologashanatuccinardi.it\\\/\",\"name\":\"PsicologaShanaTuccinardi\",\"description\":\"\",\"publisher\":{\"@id\":\"https:\\\/\\\/www.psicologashanatuccinardi.it\\\/#\\\/schema\\\/person\\\/cf7712cf41c9adf999087716c1884c13\"},\"potentialAction\":[{\"@type\":\"SearchAction\",\"target\":{\"@type\":\"EntryPoint\",\"urlTemplate\":\"https:\\\/\\\/www.psicologashanatuccinardi.it\\\/?s={search_term_string}\"},\"query-input\":{\"@type\":\"PropertyValueSpecification\",\"valueRequired\":true,\"valueName\":\"search_term_string\"}}],\"inLanguage\":\"it-IT\"},{\"@type\":[\"Person\",\"Organization\"],\"@id\":\"https:\\\/\\\/www.psicologashanatuccinardi.it\\\/#\\\/schema\\\/person\\\/cf7712cf41c9adf999087716c1884c13\",\"name\":\"Shana Tuccinardi\",\"image\":{\"@type\":\"ImageObject\",\"inLanguage\":\"it-IT\",\"@id\":\"https:\\\/\\\/www.psicologashanatuccinardi.it\\\/wp-content\\\/uploads\\\/2022\\\/01\\\/imgsito-removebg-preview-1-1-e1643664312147.png\",\"url\":\"https:\\\/\\\/www.psicologashanatuccinardi.it\\\/wp-content\\\/uploads\\\/2022\\\/01\\\/imgsito-removebg-preview-1-1-e1643664312147.png\",\"contentUrl\":\"https:\\\/\\\/www.psicologashanatuccinardi.it\\\/wp-content\\\/uploads\\\/2022\\\/01\\\/imgsito-removebg-preview-1-1-e1643664312147.png\",\"width\":220,\"height\":173,\"caption\":\"Shana Tuccinardi\"},\"logo\":{\"@id\":\"https:\\\/\\\/www.psicologashanatuccinardi.it\\\/wp-content\\\/uploads\\\/2022\\\/01\\\/imgsito-removebg-preview-1-1-e1643664312147.png\"},\"sameAs\":[\"http:\\\/\\\/www.psicologashanatuccinardi.it\",\"https:\\\/\\\/www.facebook.com\\\/shana.tuccinardi.3\",\"https:\\\/\\\/www.instagram.com\\\/shana_tuccinardi\\\/\",\"https:\\\/\\\/www.linkedin.com\\\/in\\\/shana-tuccinardi-845458b1\\\/\"],\"url\":\"https:\\\/\\\/www.psicologashanatuccinardi.it\\\/index.php\\\/author\\\/admin\\\/\"}]}<\/script>\n<!-- \/ Yoast SEO plugin. -->","yoast_head_json":{"title":"DISTURBI ALIMENTARI - PsicologaShanaTuccinardi","robots":{"index":"index","follow":"follow","max-snippet":"max-snippet:-1","max-image-preview":"max-image-preview:large","max-video-preview":"max-video-preview:-1"},"canonical":"https:\/\/www.psicologashanatuccinardi.it\/index.php\/2023\/03\/16\/disturbi-alimentari\/","og_locale":"it_IT","og_type":"article","og_title":"DISTURBI ALIMENTARI - PsicologaShanaTuccinardi","og_description":"IO NON SAR\u00f2 MAI IN GRADO DI AMARE IL MIO CORPO Pi\u00f9 di 3 milioni di italiani soffrono di un disturbo alimentare e la maggior parte di loro non presenta alcuna caratteristica stereotipata, in quanto tale malattia \u00e8 qualcosa di pi\u00f9 profondo che parte dalla mente e va oltre la ricerca della \u201cmagrezza\u201d, e sul [&hellip;]","og_url":"https:\/\/www.psicologashanatuccinardi.it\/index.php\/2023\/03\/16\/disturbi-alimentari\/","og_site_name":"PsicologaShanaTuccinardi","article_publisher":"https:\/\/www.facebook.com\/shana.tuccinardi.3","article_author":"https:\/\/www.facebook.com\/shana.tuccinardi.3","article_published_time":"2023-03-16T09:20:09+00:00","og_image":[{"url":"https:\/\/www.psicologashanatuccinardi.it\/wp-content\/uploads\/2023\/03\/download.jpg","type":"","width":"","height":""}],"author":"Shana Tuccinardi","twitter_card":"summary_large_image","twitter_misc":{"Scritto da":"Shana Tuccinardi","Tempo di lettura stimato":"3 minuti"},"schema":{"@context":"https:\/\/schema.org","@graph":[{"@type":"Article","@id":"https:\/\/www.psicologashanatuccinardi.it\/index.php\/2023\/03\/16\/disturbi-alimentari\/#article","isPartOf":{"@id":"https:\/\/www.psicologashanatuccinardi.it\/index.php\/2023\/03\/16\/disturbi-alimentari\/"},"author":{"name":"Shana Tuccinardi","@id":"https:\/\/www.psicologashanatuccinardi.it\/#\/schema\/person\/cf7712cf41c9adf999087716c1884c13"},"headline":"DISTURBI ALIMENTARI","datePublished":"2023-03-16T09:20:09+00:00","mainEntityOfPage":{"@id":"https:\/\/www.psicologashanatuccinardi.it\/index.php\/2023\/03\/16\/disturbi-alimentari\/"},"wordCount":427,"commentCount":0,"publisher":{"@id":"https:\/\/www.psicologashanatuccinardi.it\/#\/schema\/person\/cf7712cf41c9adf999087716c1884c13"},"image":{"@id":"https:\/\/www.psicologashanatuccinardi.it\/index.php\/2023\/03\/16\/disturbi-alimentari\/#primaryimage"},"thumbnailUrl":"https:\/\/www.psicologashanatuccinardi.it\/wp-content\/uploads\/2023\/03\/download.jpg","articleSection":["Psicologia"],"inLanguage":"it-IT","potentialAction":[{"@type":"CommentAction","name":"Comment","target":["https:\/\/www.psicologashanatuccinardi.it\/index.php\/2023\/03\/16\/disturbi-alimentari\/#respond"]}]},{"@type":"WebPage","@id":"https:\/\/www.psicologashanatuccinardi.it\/index.php\/2023\/03\/16\/disturbi-alimentari\/","url":"https:\/\/www.psicologashanatuccinardi.it\/index.php\/2023\/03\/16\/disturbi-alimentari\/","name":"DISTURBI ALIMENTARI - PsicologaShanaTuccinardi","isPartOf":{"@id":"https:\/\/www.psicologashanatuccinardi.it\/#website"},"primaryImageOfPage":{"@id":"https:\/\/www.psicologashanatuccinardi.it\/index.php\/2023\/03\/16\/disturbi-alimentari\/#primaryimage"},"image":{"@id":"https:\/\/www.psicologashanatuccinardi.it\/index.php\/2023\/03\/16\/disturbi-alimentari\/#primaryimage"},"thumbnailUrl":"https:\/\/www.psicologashanatuccinardi.it\/wp-content\/uploads\/2023\/03\/download.jpg","datePublished":"2023-03-16T09:20:09+00:00","breadcrumb":{"@id":"https:\/\/www.psicologashanatuccinardi.it\/index.php\/2023\/03\/16\/disturbi-alimentari\/#breadcrumb"},"inLanguage":"it-IT","potentialAction":[{"@type":"ReadAction","target":["https:\/\/www.psicologashanatuccinardi.it\/index.php\/2023\/03\/16\/disturbi-alimentari\/"]}]},{"@type":"ImageObject","inLanguage":"it-IT","@id":"https:\/\/www.psicologashanatuccinardi.it\/index.php\/2023\/03\/16\/disturbi-alimentari\/#primaryimage","url":"https:\/\/www.psicologashanatuccinardi.it\/wp-content\/uploads\/2023\/03\/download.jpg","contentUrl":"https:\/\/www.psicologashanatuccinardi.it\/wp-content\/uploads\/2023\/03\/download.jpg","width":356,"height":141},{"@type":"BreadcrumbList","@id":"https:\/\/www.psicologashanatuccinardi.it\/index.php\/2023\/03\/16\/disturbi-alimentari\/#breadcrumb","itemListElement":[{"@type":"ListItem","position":1,"name":"Home","item":"https:\/\/www.psicologashanatuccinardi.it\/"},{"@type":"ListItem","position":2,"name":"DISTURBI ALIMENTARI"}]},{"@type":"WebSite","@id":"https:\/\/www.psicologashanatuccinardi.it\/#website","url":"https:\/\/www.psicologashanatuccinardi.it\/","name":"PsicologaShanaTuccinardi","description":"","publisher":{"@id":"https:\/\/www.psicologashanatuccinardi.it\/#\/schema\/person\/cf7712cf41c9adf999087716c1884c13"},"potentialAction":[{"@type":"SearchAction","target":{"@type":"EntryPoint","urlTemplate":"https:\/\/www.psicologashanatuccinardi.it\/?s={search_term_string}"},"query-input":{"@type":"PropertyValueSpecification","valueRequired":true,"valueName":"search_term_string"}}],"inLanguage":"it-IT"},{"@type":["Person","Organization"],"@id":"https:\/\/www.psicologashanatuccinardi.it\/#\/schema\/person\/cf7712cf41c9adf999087716c1884c13","name":"Shana Tuccinardi","image":{"@type":"ImageObject","inLanguage":"it-IT","@id":"https:\/\/www.psicologashanatuccinardi.it\/wp-content\/uploads\/2022\/01\/imgsito-removebg-preview-1-1-e1643664312147.png","url":"https:\/\/www.psicologashanatuccinardi.it\/wp-content\/uploads\/2022\/01\/imgsito-removebg-preview-1-1-e1643664312147.png","contentUrl":"https:\/\/www.psicologashanatuccinardi.it\/wp-content\/uploads\/2022\/01\/imgsito-removebg-preview-1-1-e1643664312147.png","width":220,"height":173,"caption":"Shana Tuccinardi"},"logo":{"@id":"https:\/\/www.psicologashanatuccinardi.it\/wp-content\/uploads\/2022\/01\/imgsito-removebg-preview-1-1-e1643664312147.png"},"sameAs":["http:\/\/www.psicologashanatuccinardi.it","https:\/\/www.facebook.com\/shana.tuccinardi.3","https:\/\/www.instagram.com\/shana_tuccinardi\/","https:\/\/www.linkedin.com\/in\/shana-tuccinardi-845458b1\/"],"url":"https:\/\/www.psicologashanatuccinardi.it\/index.php\/author\/admin\/"}]}},"_links":{"self":[{"href":"https:\/\/www.psicologashanatuccinardi.it\/index.php\/wp-json\/wp\/v2\/posts\/8044","targetHints":{"allow":["GET"]}}],"collection":[{"href":"https:\/\/www.psicologashanatuccinardi.it\/index.php\/wp-json\/wp\/v2\/posts"}],"about":[{"href":"https:\/\/www.psicologashanatuccinardi.it\/index.php\/wp-json\/wp\/v2\/types\/post"}],"author":[{"embeddable":true,"href":"https:\/\/www.psicologashanatuccinardi.it\/index.php\/wp-json\/wp\/v2\/users\/1"}],"replies":[{"embeddable":true,"href":"https:\/\/www.psicologashanatuccinardi.it\/index.php\/wp-json\/wp\/v2\/comments?post=8044"}],"version-history":[{"count":1,"href":"https:\/\/www.psicologashanatuccinardi.it\/index.php\/wp-json\/wp\/v2\/posts\/8044\/revisions"}],"predecessor-version":[{"id":8046,"href":"https:\/\/www.psicologashanatuccinardi.it\/index.php\/wp-json\/wp\/v2\/posts\/8044\/revisions\/8046"}],"wp:attachment":[{"href":"https:\/\/www.psicologashanatuccinardi.it\/index.php\/wp-json\/wp\/v2\/media?parent=8044"}],"wp:term":[{"taxonomy":"category","embeddable":true,"href":"https:\/\/www.psicologashanatuccinardi.it\/index.php\/wp-json\/wp\/v2\/categories?post=8044"},{"taxonomy":"post_tag","embeddable":true,"href":"https:\/\/www.psicologashanatuccinardi.it\/index.php\/wp-json\/wp\/v2\/tags?post=8044"}],"curies":[{"name":"wp","href":"https:\/\/api.w.org\/{rel}","templated":true}]}}